{"id":45727,"date":"2026-01-28T12:27:20","date_gmt":"2026-01-28T10:27:20","guid":{"rendered":"https:\/\/installateurszaken.nl\/?p=45727"},"modified":"2026-01-29T11:25:14","modified_gmt":"2026-01-29T09:25:14","slug":"een-op-een-ombouw-van-bad-naar-douche","status":"publish","type":"post","link":"https:\/\/installateurszaken.nl\/index.php\/2026\/01\/28\/een-op-een-ombouw-van-bad-naar-douche\/","title":{"rendered":"E\u00e9n op \u00e9en ombouw van bad naar douche"},"content":{"rendered":"<div id=\"pl-45727\"  class=\"panel-layout\" ><div id=\"pg-45727-0\"  class=\"panel-grid panel-no-style\" ><div id=\"pgc-45727-0-0\"  class=\"panel-grid-cell panel-grid-cell-mobile-last\" ><div id=\"panel-45727-0-0-0\" class=\"so-panel widget widget_sow-image panel-first-child panel-last-child\" data-index=\"0\" ><div\n\t\t\t\n\t\t\tclass=\"so-widget-sow-image so-widget-sow-image-default-8b5b6f678277-45727\"\n\t\t\t\n\t\t>\n<div class=\"sow-image-container\">\n\t\t<img \n\tsrc=\"https:\/\/installateurszaken.nl\/wp-content\/uploads\/2026\/01\/Geberit-Sestra-douchevloer-extra-lang-XL-180x90-antraciet-badkamer-scaled.jpeg\" width=\"1854\" height=\"2560\" srcset=\"https:\/\/installateurszaken.nl\/wp-content\/uploads\/2026\/01\/Geberit-Sestra-douchevloer-extra-lang-XL-180x90-antraciet-badkamer-scaled.jpeg 1854w, https:\/\/installateurszaken.nl\/wp-content\/uploads\/2026\/01\/Geberit-Sestra-douchevloer-extra-lang-XL-180x90-antraciet-badkamer-435x600.jpeg 435w, https:\/\/installateurszaken.nl\/wp-content\/uploads\/2026\/01\/Geberit-Sestra-douchevloer-extra-lang-XL-180x90-antraciet-badkamer-742x1024.jpeg 742w, https:\/\/installateurszaken.nl\/wp-content\/uploads\/2026\/01\/Geberit-Sestra-douchevloer-extra-lang-XL-180x90-antraciet-badkamer-768x1060.jpeg 768w, https:\/\/installateurszaken.nl\/wp-content\/uploads\/2026\/01\/Geberit-Sestra-douchevloer-extra-lang-XL-180x90-antraciet-badkamer-1112x1536.jpeg 1112w, https:\/\/installateurszaken.nl\/wp-content\/uploads\/2026\/01\/Geberit-Sestra-douchevloer-extra-lang-XL-180x90-antraciet-badkamer-1483x2048.jpeg 1483w\" sizes=\"(max-width: 1854px) 100vw, 1854px\" title=\"Geberit Sestra douchevloer extra lang XL 180&#215;90 antraciet badkamer\" alt=\"\" \t\tclass=\"so-widget-image\"\/>\n\t<\/div>\n\n<\/div><\/div><\/div><div id=\"pgc-45727-0-1\"  class=\"panel-grid-cell panel-grid-cell-empty\" ><\/div><\/div><div id=\"pg-45727-1\"  class=\"panel-grid panel-no-style\" ><div id=\"pgc-45727-1-0\"  class=\"panel-grid-cell panel-grid-cell-mobile-last\" ><div id=\"panel-45727-1-0-0\" class=\"so-panel widget widget_sow-editor panel-first-child panel-last-child\" data-index=\"1\" ><div\n\t\t\t\n\t\t\tclass=\"so-widget-sow-editor so-widget-sow-editor-base\"\n\t\t\t\n\t\t>\n<div class=\"siteorigin-widget-tinymce textwidget\">\n\t<p><strong>Geberit introduceert drie nieuwe afmetingen binnen de Sestra douchevloerserie. Deze maten zijn speciaal ontworpen om een bad vrijwel \u00e9\u00e9n-op-\u00e9\u00e9n te vervangen. Bad eruit, douchevloer erin, zonder veel gedoe of wekenlange verbouwing. <\/strong><\/p>\n<p>De Sestra douchevloer heeft een zichtbare \u00e9n voelbare steenstructuur. Het robuuste steenhars met duurzame gelcoat voelt warm aan de voeten, is bestand tegen krassen en biedt, mede dankzij het profiel, grip met de hoogste antislipklasse C.<\/p>\n<p><strong>Renoveren zonder rompslomp<br \/>\n<\/strong>De nieuwe uitvoeringen maken het mogelijk om een bad te vervangen door een moderne douche, zonder de volledige badkamer open te breken. Doordat de douchevloer de afmeting van het bad grotendeels afdekt, blijft de bestaande vloer- en wandafwerking veelal intact. Dat betekent: minder sloopwerk, minder bouwtijd, minder kosten en minder overlast.<\/p>\n<p><strong>Voor iedere badkamer<br \/>\n<\/strong>De extra lange douchevloeren zijn verkrijgbaar in dezelfde drie kleuren als de bestaande Sestra-afmetingen: wit, steengrijs en grafiet. Deze kleuren zijn in harmonie met de leisteenstructuur van het oppervlak en combineren met zowel matte als glanzende badkamertegels en accessoires.<br \/>\nMet de toevoeging van de extra lange afmetingen 170\u00d780 cm, 170\u00d790 cm en 180\u00d790 cm bestaat de douchevloerserie nu uit een assortiment aan formaten, vari\u00ebrend van compacte vierkante modellen tot rechthoekige varianten. Daarnaast kan Sestra zowel in de vloer worden ge\u00efntegreerd als verhoogd worden geplaatst, waardoor de douchevloer voor vrijwel iedere badkamerindeling, renovatievraag en stijlvoorkeur een oplossing biedt.<\/p>\n<p><strong>Slimme afvoer<br \/>\n<\/strong>De Sestra douchevloer kent geen hoeken of richels waar water en vuil kan achterblijven. Het water wordt in een vloeiende beweging geleid naar de smalle ge\u00efntegreerde vloergoot, waar zich onder de afvoerkap een kamvormige haarzeef bevindt. Deze voorkomt verstopping van de sifon en is gemakkelijk te reinigen. Daarbij zorgt een platte sifon voor een effici\u00ebnte waterafvoer, zelfs bij vlakke inbouw.<\/p>\n<\/div>\n<\/div><\/div><\/div><div id=\"pgc-45727-1-1\"  class=\"panel-grid-cell panel-grid-cell-empty\" ><\/div><\/div><\/div>","protected":false},"excerpt":{"rendered":"<p>Geberit introduceert drie nieuwe afmetingen binnen de Sestra douchevloerserie. Deze maten zijn speciaal ontworpen om een bad vrijwel \u00e9\u00e9n-op-\u00e9\u00e9n te vervangen. Bad eruit, douchevloer erin, zonder veel gedoe of wekenlange verbouwing. De Sestra douchevloer heeft een zichtbare \u00e9n voelbare steenstructuur. Het robuuste steenhars met duurzame gelcoat voelt warm aan de voeten, is bestand tegen krassen [&hellip;]<\/p>\n","protected":false},"author":2,"featured_media":45728,"comment_status":"closed","ping_status":"closed","sticky":false,"template":"","format":"standard","meta":{"footnotes":""},"categories":[18],"tags":[39],"class_list":["post-45727","post","type-post","status-publish","format-standard","has-post-thumbnail","hentry","category-productnieuws","tag-dossiersanitair"],"yoast_head":"<!-- This site is optimized with the Yoast SEO plugin v27.4 - https:\/\/yoast.com\/product\/yoast-seo-wordpress\/ -->\n<title>E\u00e9n op \u00e9en ombouw van bad naar douche -<\/title>\n<meta name=\"description\" content=\"Ontdek de voordelen van de nieuwe douchen van Geberit. Vervang eenvoudig uw bad door een moderne douchevloer.\" \/>\n<meta name=\"robots\" content=\"index, follow, max-snippet:-1, max-image-preview:large, max-video-preview:-1\" \/>\n<link rel=\"canonical\" href=\"https:\/\/installateurszaken.nl\/index.php\/2026\/01\/28\/een-op-een-ombouw-van-bad-naar-douche\/\" \/>\n<meta property=\"og:locale\" content=\"nl_NL\" \/>\n<meta property=\"og:type\" content=\"article\" \/>\n<meta property=\"og:title\" content=\"E\u00e9n op \u00e9en ombouw van bad naar douche -\" \/>\n<meta property=\"og:description\" content=\"Ontdek de voordelen van de nieuwe douchen van Geberit. Vervang eenvoudig uw bad door een moderne douchevloer.\" \/>\n<meta property=\"og:url\" content=\"https:\/\/installateurszaken.nl\/index.php\/2026\/01\/28\/een-op-een-ombouw-van-bad-naar-douche\/\" \/>\n<meta property=\"article:published_time\" content=\"2026-01-28T10:27:20+00:00\" \/>\n<meta property=\"article:modified_time\" content=\"2026-01-29T09:25:14+00:00\" \/>\n<meta property=\"og:image\" content=\"https:\/\/installateurszaken.nl\/wp-content\/uploads\/2026\/01\/Geberit-Sestra-douchevloer-extra-lang-XL-180x90-antraciet-badkamer-scaled.jpeg\" \/>\n\t<meta property=\"og:image:width\" content=\"1854\" \/>\n\t<meta property=\"og:image:height\" content=\"2560\" \/>\n\t<meta property=\"og:image:type\" content=\"image\/jpeg\" \/>\n<meta name=\"author\" content=\"Frank\" \/>\n<meta name=\"twitter:card\" content=\"summary_large_image\" \/>\n<meta name=\"twitter:label1\" content=\"Geschreven door\" \/>\n\t<meta name=\"twitter:data1\" content=\"Frank\" \/>\n\t<meta name=\"twitter:label2\" content=\"Geschatte leestijd\" \/>\n\t<meta name=\"twitter:data2\" content=\"2 minuten\" \/>\n<script type=\"application\/ld+json\" class=\"yoast-schema-graph\">{\"@context\":\"https:\\\/\\\/schema.org\",\"@graph\":[{\"@type\":\"Article\",\"@id\":\"https:\\\/\\\/installateurszaken.nl\\\/index.php\\\/2026\\\/01\\\/28\\\/een-op-een-ombouw-van-bad-naar-douche\\\/#article\",\"isPartOf\":{\"@id\":\"https:\\\/\\\/installateurszaken.nl\\\/index.php\\\/2026\\\/01\\\/28\\\/een-op-een-ombouw-van-bad-naar-douche\\\/\"},\"author\":{\"name\":\"Frank\",\"@id\":\"https:\\\/\\\/installateurszaken.nl\\\/#\\\/schema\\\/person\\\/e8b0cfd247a2d5b069d89396e1372bcf\"},\"headline\":\"E\u00e9n op \u00e9en ombouw van bad naar douche\",\"datePublished\":\"2026-01-28T10:27:20+00:00\",\"dateModified\":\"2026-01-29T09:25:14+00:00\",\"mainEntityOfPage\":{\"@id\":\"https:\\\/\\\/installateurszaken.nl\\\/index.php\\\/2026\\\/01\\\/28\\\/een-op-een-ombouw-van-bad-naar-douche\\\/\"},\"wordCount\":303,\"publisher\":{\"@id\":\"https:\\\/\\\/installateurszaken.nl\\\/#organization\"},\"image\":{\"@id\":\"https:\\\/\\\/installateurszaken.nl\\\/index.php\\\/2026\\\/01\\\/28\\\/een-op-een-ombouw-van-bad-naar-douche\\\/#primaryimage\"},\"thumbnailUrl\":\"https:\\\/\\\/installateurszaken.nl\\\/wp-content\\\/uploads\\\/2026\\\/01\\\/Geberit-Sestra-douchevloer-extra-lang-XL-180x90-antraciet-badkamer-scaled.jpeg\",\"keywords\":[\"dossiersanitair\"],\"articleSection\":[\"Productnieuws\"],\"inLanguage\":\"nl-NL\"},{\"@type\":\"WebPage\",\"@id\":\"https:\\\/\\\/installateurszaken.nl\\\/index.php\\\/2026\\\/01\\\/28\\\/een-op-een-ombouw-van-bad-naar-douche\\\/\",\"url\":\"https:\\\/\\\/installateurszaken.nl\\\/index.php\\\/2026\\\/01\\\/28\\\/een-op-een-ombouw-van-bad-naar-douche\\\/\",\"name\":\"E\u00e9n op \u00e9en ombouw van bad naar douche -\",\"isPartOf\":{\"@id\":\"https:\\\/\\\/installateurszaken.nl\\\/#website\"},\"primaryImageOfPage\":{\"@id\":\"https:\\\/\\\/installateurszaken.nl\\\/index.php\\\/2026\\\/01\\\/28\\\/een-op-een-ombouw-van-bad-naar-douche\\\/#primaryimage\"},\"image\":{\"@id\":\"https:\\\/\\\/installateurszaken.nl\\\/index.php\\\/2026\\\/01\\\/28\\\/een-op-een-ombouw-van-bad-naar-douche\\\/#primaryimage\"},\"thumbnailUrl\":\"https:\\\/\\\/installateurszaken.nl\\\/wp-content\\\/uploads\\\/2026\\\/01\\\/Geberit-Sestra-douchevloer-extra-lang-XL-180x90-antraciet-badkamer-scaled.jpeg\",\"datePublished\":\"2026-01-28T10:27:20+00:00\",\"dateModified\":\"2026-01-29T09:25:14+00:00\",\"description\":\"Ontdek de voordelen van de nieuwe douchen van Geberit. Vervang eenvoudig uw bad door een moderne douchevloer.\",\"breadcrumb\":{\"@id\":\"https:\\\/\\\/installateurszaken.nl\\\/index.php\\\/2026\\\/01\\\/28\\\/een-op-een-ombouw-van-bad-naar-douche\\\/#breadcrumb\"},\"inLanguage\":\"nl-NL\",\"potentialAction\":[{\"@type\":\"ReadAction\",\"target\":[\"https:\\\/\\\/installateurszaken.nl\\\/index.php\\\/2026\\\/01\\\/28\\\/een-op-een-ombouw-van-bad-naar-douche\\\/\"]}]},{\"@type\":\"ImageObject\",\"inLanguage\":\"nl-NL\",\"@id\":\"https:\\\/\\\/installateurszaken.nl\\\/index.php\\\/2026\\\/01\\\/28\\\/een-op-een-ombouw-van-bad-naar-douche\\\/#primaryimage\",\"url\":\"https:\\\/\\\/installateurszaken.nl\\\/wp-content\\\/uploads\\\/2026\\\/01\\\/Geberit-Sestra-douchevloer-extra-lang-XL-180x90-antraciet-badkamer-scaled.jpeg\",\"contentUrl\":\"https:\\\/\\\/installateurszaken.nl\\\/wp-content\\\/uploads\\\/2026\\\/01\\\/Geberit-Sestra-douchevloer-extra-lang-XL-180x90-antraciet-badkamer-scaled.jpeg\",\"width\":1854,\"height\":2560},{\"@type\":\"BreadcrumbList\",\"@id\":\"https:\\\/\\\/installateurszaken.nl\\\/index.php\\\/2026\\\/01\\\/28\\\/een-op-een-ombouw-van-bad-naar-douche\\\/#breadcrumb\",\"itemListElement\":[{\"@type\":\"ListItem\",\"position\":1,\"name\":\"Home\",\"item\":\"https:\\\/\\\/installateurszaken.nl\\\/\"},{\"@type\":\"ListItem\",\"position\":2,\"name\":\"E\u00e9n op \u00e9en ombouw van bad naar douche\"}]},{\"@type\":\"WebSite\",\"@id\":\"https:\\\/\\\/installateurszaken.nl\\\/#website\",\"url\":\"https:\\\/\\\/installateurszaken.nl\\\/\",\"name\":\"installateurszaken.nl\",\"description\":\"Bovenop de praktijk\",\"publisher\":{\"@id\":\"https:\\\/\\\/installateurszaken.nl\\\/#organization\"},\"potentialAction\":[{\"@type\":\"SearchAction\",\"target\":{\"@type\":\"EntryPoint\",\"urlTemplate\":\"https:\\\/\\\/installateurszaken.nl\\\/?s={search_term_string}\"},\"query-input\":{\"@type\":\"PropertyValueSpecification\",\"valueRequired\":true,\"valueName\":\"search_term_string\"}}],\"inLanguage\":\"nl-NL\"},{\"@type\":\"Organization\",\"@id\":\"https:\\\/\\\/installateurszaken.nl\\\/#organization\",\"name\":\"installateurszaken\",\"url\":\"https:\\\/\\\/installateurszaken.nl\\\/\",\"logo\":{\"@type\":\"ImageObject\",\"inLanguage\":\"nl-NL\",\"@id\":\"https:\\\/\\\/installateurszaken.nl\\\/#\\\/schema\\\/logo\\\/image\\\/\",\"url\":\"https:\\\/\\\/installateurszaken.nl\\\/wp-content\\\/uploads\\\/2025\\\/11\\\/handtekening.png\",\"contentUrl\":\"https:\\\/\\\/installateurszaken.nl\\\/wp-content\\\/uploads\\\/2025\\\/11\\\/handtekening.png\",\"width\":1200,\"height\":200,\"caption\":\"installateurszaken\"},\"image\":{\"@id\":\"https:\\\/\\\/installateurszaken.nl\\\/#\\\/schema\\\/logo\\\/image\\\/\"},\"sameAs\":[\"https:\\\/\\\/www.tiktok.com\\\/@installateurszaken\"]},{\"@type\":\"Person\",\"@id\":\"https:\\\/\\\/installateurszaken.nl\\\/#\\\/schema\\\/person\\\/e8b0cfd247a2d5b069d89396e1372bcf\",\"name\":\"Frank\",\"image\":{\"@type\":\"ImageObject\",\"inLanguage\":\"nl-NL\",\"@id\":\"https:\\\/\\\/secure.gravatar.com\\\/avatar\\\/392894c18d5a4cabeaf24c2f6a3bc66a97795b20fbc74539e2ee6f5741362668?s=96&d=mm&r=g\",\"url\":\"https:\\\/\\\/secure.gravatar.com\\\/avatar\\\/392894c18d5a4cabeaf24c2f6a3bc66a97795b20fbc74539e2ee6f5741362668?s=96&d=mm&r=g\",\"contentUrl\":\"https:\\\/\\\/secure.gravatar.com\\\/avatar\\\/392894c18d5a4cabeaf24c2f6a3bc66a97795b20fbc74539e2ee6f5741362668?s=96&d=mm&r=g\",\"caption\":\"Frank\"},\"url\":\"https:\\\/\\\/installateurszaken.nl\\\/index.php\\\/author\\\/frank\\\/\"}]}<\/script>\n<!-- \/ Yoast SEO plugin. -->","yoast_head_json":{"title":"E\u00e9n op \u00e9en ombouw van bad naar douche -","description":"Ontdek de voordelen van de nieuwe douchen van Geberit. Vervang eenvoudig uw bad door een moderne douchevloer.","robots":{"index":"index","follow":"follow","max-snippet":"max-snippet:-1","max-image-preview":"max-image-preview:large","max-video-preview":"max-video-preview:-1"},"canonical":"https:\/\/installateurszaken.nl\/index.php\/2026\/01\/28\/een-op-een-ombouw-van-bad-naar-douche\/","og_locale":"nl_NL","og_type":"article","og_title":"E\u00e9n op \u00e9en ombouw van bad naar douche -","og_description":"Ontdek de voordelen van de nieuwe douchen van Geberit. Vervang eenvoudig uw bad door een moderne douchevloer.","og_url":"https:\/\/installateurszaken.nl\/index.php\/2026\/01\/28\/een-op-een-ombouw-van-bad-naar-douche\/","article_published_time":"2026-01-28T10:27:20+00:00","article_modified_time":"2026-01-29T09:25:14+00:00","og_image":[{"width":1854,"height":2560,"url":"https:\/\/installateurszaken.nl\/wp-content\/uploads\/2026\/01\/Geberit-Sestra-douchevloer-extra-lang-XL-180x90-antraciet-badkamer-scaled.jpeg","type":"image\/jpeg"}],"author":"Frank","twitter_card":"summary_large_image","twitter_misc":{"Geschreven door":"Frank","Geschatte leestijd":"2 minuten"},"schema":{"@context":"https:\/\/schema.org","@graph":[{"@type":"Article","@id":"https:\/\/installateurszaken.nl\/index.php\/2026\/01\/28\/een-op-een-ombouw-van-bad-naar-douche\/#article","isPartOf":{"@id":"https:\/\/installateurszaken.nl\/index.php\/2026\/01\/28\/een-op-een-ombouw-van-bad-naar-douche\/"},"author":{"name":"Frank","@id":"https:\/\/installateurszaken.nl\/#\/schema\/person\/e8b0cfd247a2d5b069d89396e1372bcf"},"headline":"E\u00e9n op \u00e9en ombouw van bad naar douche","datePublished":"2026-01-28T10:27:20+00:00","dateModified":"2026-01-29T09:25:14+00:00","mainEntityOfPage":{"@id":"https:\/\/installateurszaken.nl\/index.php\/2026\/01\/28\/een-op-een-ombouw-van-bad-naar-douche\/"},"wordCount":303,"publisher":{"@id":"https:\/\/installateurszaken.nl\/#organization"},"image":{"@id":"https:\/\/installateurszaken.nl\/index.php\/2026\/01\/28\/een-op-een-ombouw-van-bad-naar-douche\/#primaryimage"},"thumbnailUrl":"https:\/\/installateurszaken.nl\/wp-content\/uploads\/2026\/01\/Geberit-Sestra-douchevloer-extra-lang-XL-180x90-antraciet-badkamer-scaled.jpeg","keywords":["dossiersanitair"],"articleSection":["Productnieuws"],"inLanguage":"nl-NL"},{"@type":"WebPage","@id":"https:\/\/installateurszaken.nl\/index.php\/2026\/01\/28\/een-op-een-ombouw-van-bad-naar-douche\/","url":"https:\/\/installateurszaken.nl\/index.php\/2026\/01\/28\/een-op-een-ombouw-van-bad-naar-douche\/","name":"E\u00e9n op \u00e9en ombouw van bad naar douche -","isPartOf":{"@id":"https:\/\/installateurszaken.nl\/#website"},"primaryImageOfPage":{"@id":"https:\/\/installateurszaken.nl\/index.php\/2026\/01\/28\/een-op-een-ombouw-van-bad-naar-douche\/#primaryimage"},"image":{"@id":"https:\/\/installateurszaken.nl\/index.php\/2026\/01\/28\/een-op-een-ombouw-van-bad-naar-douche\/#primaryimage"},"thumbnailUrl":"https:\/\/installateurszaken.nl\/wp-content\/uploads\/2026\/01\/Geberit-Sestra-douchevloer-extra-lang-XL-180x90-antraciet-badkamer-scaled.jpeg","datePublished":"2026-01-28T10:27:20+00:00","dateModified":"2026-01-29T09:25:14+00:00","description":"Ontdek de voordelen van de nieuwe douchen van Geberit. Vervang eenvoudig uw bad door een moderne douchevloer.","breadcrumb":{"@id":"https:\/\/installateurszaken.nl\/index.php\/2026\/01\/28\/een-op-een-ombouw-van-bad-naar-douche\/#breadcrumb"},"inLanguage":"nl-NL","potentialAction":[{"@type":"ReadAction","target":["https:\/\/installateurszaken.nl\/index.php\/2026\/01\/28\/een-op-een-ombouw-van-bad-naar-douche\/"]}]},{"@type":"ImageObject","inLanguage":"nl-NL","@id":"https:\/\/installateurszaken.nl\/index.php\/2026\/01\/28\/een-op-een-ombouw-van-bad-naar-douche\/#primaryimage","url":"https:\/\/installateurszaken.nl\/wp-content\/uploads\/2026\/01\/Geberit-Sestra-douchevloer-extra-lang-XL-180x90-antraciet-badkamer-scaled.jpeg","contentUrl":"https:\/\/installateurszaken.nl\/wp-content\/uploads\/2026\/01\/Geberit-Sestra-douchevloer-extra-lang-XL-180x90-antraciet-badkamer-scaled.jpeg","width":1854,"height":2560},{"@type":"BreadcrumbList","@id":"https:\/\/installateurszaken.nl\/index.php\/2026\/01\/28\/een-op-een-ombouw-van-bad-naar-douche\/#breadcrumb","itemListElement":[{"@type":"ListItem","position":1,"name":"Home","item":"https:\/\/installateurszaken.nl\/"},{"@type":"ListItem","position":2,"name":"E\u00e9n op \u00e9en ombouw van bad naar douche"}]},{"@type":"WebSite","@id":"https:\/\/installateurszaken.nl\/#website","url":"https:\/\/installateurszaken.nl\/","name":"installateurszaken.nl","description":"Bovenop de praktijk","publisher":{"@id":"https:\/\/installateurszaken.nl\/#organization"},"potentialAction":[{"@type":"SearchAction","target":{"@type":"EntryPoint","urlTemplate":"https:\/\/installateurszaken.nl\/?s={search_term_string}"},"query-input":{"@type":"PropertyValueSpecification","valueRequired":true,"valueName":"search_term_string"}}],"inLanguage":"nl-NL"},{"@type":"Organization","@id":"https:\/\/installateurszaken.nl\/#organization","name":"installateurszaken","url":"https:\/\/installateurszaken.nl\/","logo":{"@type":"ImageObject","inLanguage":"nl-NL","@id":"https:\/\/installateurszaken.nl\/#\/schema\/logo\/image\/","url":"https:\/\/installateurszaken.nl\/wp-content\/uploads\/2025\/11\/handtekening.png","contentUrl":"https:\/\/installateurszaken.nl\/wp-content\/uploads\/2025\/11\/handtekening.png","width":1200,"height":200,"caption":"installateurszaken"},"image":{"@id":"https:\/\/installateurszaken.nl\/#\/schema\/logo\/image\/"},"sameAs":["https:\/\/www.tiktok.com\/@installateurszaken"]},{"@type":"Person","@id":"https:\/\/installateurszaken.nl\/#\/schema\/person\/e8b0cfd247a2d5b069d89396e1372bcf","name":"Frank","image":{"@type":"ImageObject","inLanguage":"nl-NL","@id":"https:\/\/secure.gravatar.com\/avatar\/392894c18d5a4cabeaf24c2f6a3bc66a97795b20fbc74539e2ee6f5741362668?s=96&d=mm&r=g","url":"https:\/\/secure.gravatar.com\/avatar\/392894c18d5a4cabeaf24c2f6a3bc66a97795b20fbc74539e2ee6f5741362668?s=96&d=mm&r=g","contentUrl":"https:\/\/secure.gravatar.com\/avatar\/392894c18d5a4cabeaf24c2f6a3bc66a97795b20fbc74539e2ee6f5741362668?s=96&d=mm&r=g","caption":"Frank"},"url":"https:\/\/installateurszaken.nl\/index.php\/author\/frank\/"}]}},"rttpg_featured_image_url":{"full":["https:\/\/installateurszaken.nl\/wp-content\/uploads\/2026\/01\/Geberit-Sestra-douchevloer-extra-lang-XL-180x90-antraciet-badkamer-scaled.jpeg",1854,2560,false],"landscape":["https:\/\/installateurszaken.nl\/wp-content\/uploads\/2026\/01\/Geberit-Sestra-douchevloer-extra-lang-XL-180x90-antraciet-badkamer-scaled.jpeg",1854,2560,false],"portraits":["https:\/\/installateurszaken.nl\/wp-content\/uploads\/2026\/01\/Geberit-Sestra-douchevloer-extra-lang-XL-180x90-antraciet-badkamer-scaled.jpeg",1854,2560,false],"thumbnail":["https:\/\/installateurszaken.nl\/wp-content\/uploads\/2026\/01\/Geberit-Sestra-douchevloer-extra-lang-XL-180x90-antraciet-badkamer-600x600.jpeg",600,600,true],"medium":["https:\/\/installateurszaken.nl\/wp-content\/uploads\/2026\/01\/Geberit-Sestra-douchevloer-extra-lang-XL-180x90-antraciet-badkamer-435x600.jpeg",435,600,true],"large":["https:\/\/installateurszaken.nl\/wp-content\/uploads\/2026\/01\/Geberit-Sestra-douchevloer-extra-lang-XL-180x90-antraciet-badkamer-742x1024.jpeg",640,883,true],"1536x1536":["https:\/\/installateurszaken.nl\/wp-content\/uploads\/2026\/01\/Geberit-Sestra-douchevloer-extra-lang-XL-180x90-antraciet-badkamer-1112x1536.jpeg",1112,1536,true],"2048x2048":["https:\/\/installateurszaken.nl\/wp-content\/uploads\/2026\/01\/Geberit-Sestra-douchevloer-extra-lang-XL-180x90-antraciet-badkamer-1483x2048.jpeg",1483,2048,true],"madd-magazine-blog-post":["https:\/\/installateurszaken.nl\/wp-content\/uploads\/2026\/01\/Geberit-Sestra-douchevloer-extra-lang-XL-180x90-antraciet-badkamer-730x485.jpeg",730,485,true],"sow-carousel-default":["https:\/\/installateurszaken.nl\/wp-content\/uploads\/2026\/01\/Geberit-Sestra-douchevloer-extra-lang-XL-180x90-antraciet-badkamer-272x182.jpeg",272,182,true]},"rttpg_author":{"display_name":"Frank","author_link":"https:\/\/installateurszaken.nl\/index.php\/author\/frank\/"},"rttpg_comment":0,"rttpg_category":"<a href=\"https:\/\/installateurszaken.nl\/index.php\/category\/productnieuws\/\" rel=\"category tag\">Productnieuws<\/a>","rttpg_excerpt":"Geberit introduceert drie nieuwe afmetingen binnen de Sestra douchevloerserie. Deze maten zijn speciaal ontworpen om een bad vrijwel \u00e9\u00e9n-op-\u00e9\u00e9n te vervangen. Bad eruit, douchevloer erin, zonder veel gedoe of wekenlange verbouwing. De Sestra douchevloer heeft een zichtbare \u00e9n voelbare steenstructuur. Het robuuste steenhars met duurzame gelcoat voelt warm aan de voeten, is bestand tegen krassen&hellip;","_links":{"self":[{"href":"https:\/\/installateurszaken.nl\/index.php\/wp-json\/wp\/v2\/posts\/45727","targetHints":{"allow":["GET"]}}],"collection":[{"href":"https:\/\/installateurszaken.nl\/index.php\/wp-json\/wp\/v2\/posts"}],"about":[{"href":"https:\/\/installateurszaken.nl\/index.php\/wp-json\/wp\/v2\/types\/post"}],"author":[{"embeddable":true,"href":"https:\/\/installateurszaken.nl\/index.php\/wp-json\/wp\/v2\/users\/2"}],"replies":[{"embeddable":true,"href":"https:\/\/installateurszaken.nl\/index.php\/wp-json\/wp\/v2\/comments?post=45727"}],"version-history":[{"count":-4,"href":"https:\/\/installateurszaken.nl\/index.php\/wp-json\/wp\/v2\/posts\/45727\/revisions"}],"wp:featuredmedia":[{"embeddable":true,"href":"https:\/\/installateurszaken.nl\/index.php\/wp-json\/wp\/v2\/media\/45728"}],"wp:attachment":[{"href":"https:\/\/installateurszaken.nl\/index.php\/wp-json\/wp\/v2\/media?parent=45727"}],"wp:term":[{"taxonomy":"category","embeddable":true,"href":"https:\/\/installateurszaken.nl\/index.php\/wp-json\/wp\/v2\/categories?post=45727"},{"taxonomy":"post_tag","embeddable":true,"href":"https:\/\/installateurszaken.nl\/index.php\/wp-json\/wp\/v2\/tags?post=45727"}],"curies":[{"name":"wp","href":"https:\/\/api.w.org\/{rel}","templated":true}]}}