{"id":44297,"date":"2025-11-25T00:50:00","date_gmt":"2025-11-24T23:50:00","guid":{"rendered":"https:\/\/installateurszaken.nl\/?p=44297"},"modified":"2026-01-20T13:04:07","modified_gmt":"2026-01-20T11:04:07","slug":"van-38-naar-60-graden","status":"publish","type":"post","link":"https:\/\/installateurszaken.nl\/index.php\/2025\/11\/25\/van-38-naar-60-graden\/","title":{"rendered":"Van -38 naar +60 graden"},"content":{"rendered":"<div id=\"pl-44297\"  class=\"panel-layout\" ><div id=\"pg-44297-0\"  class=\"panel-grid panel-no-style\" ><div id=\"pgc-44297-0-0\"  class=\"panel-grid-cell\" ><div id=\"panel-44297-0-0-0\" class=\"so-panel widget widget_sow-image panel-first-child panel-last-child\" data-index=\"0\" ><div\n\t\t\t\n\t\t\tclass=\"so-widget-sow-image so-widget-sow-image-default-8b5b6f678277-44297\"\n\t\t\t\n\t\t>\n<div class=\"sow-image-container\">\n\t\t<img \n\tsrc=\"https:\/\/installateurszaken.nl\/wp-content\/uploads\/2025\/11\/testruimte-1-scaled-1.jpg\" width=\"2560\" height=\"1196\" srcset=\"https:\/\/installateurszaken.nl\/wp-content\/uploads\/2025\/11\/testruimte-1-scaled-1.jpg 2560w, https:\/\/installateurszaken.nl\/wp-content\/uploads\/2025\/11\/testruimte-1-scaled-1-600x280.jpg 600w, https:\/\/installateurszaken.nl\/wp-content\/uploads\/2025\/11\/testruimte-1-scaled-1-768x359.jpg 768w, https:\/\/installateurszaken.nl\/wp-content\/uploads\/2025\/11\/testruimte-1-scaled-1-1024x478.jpg 1024w, https:\/\/installateurszaken.nl\/wp-content\/uploads\/2025\/11\/testruimte-1-scaled-1-1536x718.jpg 1536w, https:\/\/installateurszaken.nl\/wp-content\/uploads\/2025\/11\/testruimte-1-scaled-1-2048x957.jpg 2048w, https:\/\/installateurszaken.nl\/wp-content\/uploads\/2025\/11\/testruimte-1-scaled-1-300x140.jpg 300w\" sizes=\"(max-width: 2560px) 100vw, 2560px\" title=\"testruimte 1\" alt=\"\" \t\tclass=\"so-widget-image\"\/>\n\t<\/div>\n\n<\/div><\/div><\/div><\/div><div id=\"pg-44297-1\"  class=\"panel-grid panel-no-style\" ><div id=\"pgc-44297-1-0\"  class=\"panel-grid-cell\" ><div id=\"panel-44297-1-0-0\" class=\"so-panel widget widget_sow-editor panel-first-child panel-last-child\" data-index=\"1\" ><div\n\t\t\t\n\t\t\tclass=\"so-widget-sow-editor so-widget-sow-editor-base\"\n\t\t\t\n\t\t>\n<div class=\"siteorigin-widget-tinymce textwidget\">\n\t<p><strong>Op 14 en 15 oktober jl. organiseerde Daikin, fabrikant van verwarmings-, koel-, ventilatie-, luchtreinigings- en vriestechnologie\u00ebn, een persmoment voor internationale journalisten ter gelegenheid van de opening van zijn nieuwe European Development Center (EDC) in Gent. Naast een rondleiding stond een paneldiscussie op het programma over de uitdagingen en de versnelling van de energietransitie. Wat is de volgende stap in de energietransitie?<\/strong><\/p>\n<p>Om maar meteen met de deur in huis te vallen: de basiswarmtepomptechnologie werkt inmiddels; de volgende stap is nu de systeemintegratie. De sprekers benadrukten dat er belangrijke uitdagingen zijn op het gebied van controle en strategie\u00ebn om de werking van meerdere warmtepompen in een warmtenetwerk te optimaliseren voor de beste effici\u00ebntie. Cruciaal is de noodzaak om warmtepompen duurzaam te maken. Dit betekent:<br \/>\n- overschakelen van traditionele koudemiddelen naar alternatieven;<br \/>\n- vervangen van strategisch waardevolle materialen zoals koper door bijvoorbeeld aluminium;<br \/>\n- cre\u00ebren van een circulaire economie door middel van slimme recyclingmethoden.<\/p>\n<p><strong>Gent als blauwdruk<\/strong><br \/>\nGent, de stad waar het R&amp;D Center van Daikin is gevestigd, streeft naar klimaatneutraliteit in 2050. De stad werkt met een warmtevisie, gebaseerd op een mix van individuele en collectieve oplossingen en richt zich daarbij op drie concrete actiegebieden. Wethouder Filip Watteeuw lichtte deze tijdens de paneldiscussie toe: \u201cWe focussen ons op de installateur door actieve werving en opleiding te ondersteunen. Bovendien zien we de installateur als d\u00e9 partij om bewoners te overtuigen van warmtepompoplossingen. Ook zetten we ons in voor een verbetering van de \u2018klantreis\u2019. Via een one-stop-shop voor renovatieadvies wordt de ervaring van eerste interesse tot installatie gestroomlijnd. Dit gaat gepaard met transparante offertes en technische \u00e9n financi\u00eble begeleiding. Ten slotte is er specifieke aandacht voor sociale inclusie. Er wordt ge\u00efnvesteerd in het betrekken van kwetsbare groepen door de sociale huisvestingsmaatschappij te voorzien van aanzienlijke extra middelen om de woningvoorraad te renoveren.<\/p>\n<p><strong>Beleid, capaciteit en realiteitscheck<\/strong><br \/>\nDe panelleden waren het erover eens dat de energietransitie in Europa nog in de kinderschoenen staat. Het totale Europese energiegebruik is voor een groot deel terug te voeren naar verwarming, dat hiervan de helft vertegenwoordigt en voor meer dan 70% afhankelijk is van fossiele brandstoffen. Er heerste scepsis over de haalbaarheid van de Europese deadlines (zoals die van 2030 en 2050), waarvan de doelen nog ver buiten bereik liggen. De grootste belemmering vormt de toeleveringsketen: er is sprake van een overproductie aan warmtepompen en gelijktijdig een ernstig tekort aan vakbekwame installateurs.<br \/>\nOplossingen die werden aangedragen, waren:<br \/>\n-\u2002betere afstemming tussen beleidsdoelstellingen en praktische implementatie;<br \/>\n-\u2002massale investeringen, stimulansen en trainingsprogramma\u2019s om duizenden nieuwe mensen naar de industrie te trekken;<br \/>\n-\u2002gebruikmaking van laaghangend fruit, zoals het stimuleren van eenvoudige lucht\/lucht-warmtepompen, die voornamelijk voor verwarming worden gebruikt maar ook voor koeling kunnen zorgen.<br \/>\n-\u2002focussen op lokale samenlevingen (zoals is gebeurd in Gent), die dichter bij de burger staan en zich kunnen blijven richten op stabiliteit, comfort en klimaat terwijl het beleid op hogere niveaus dreigt te vervagen. Samenwerking met steden zoals Gent bieden kansen om oplossingen te repliceren naar andere Europese steden.<\/p>\n<p><strong>Technologische bakermat<\/strong><br \/>\n<img loading=\"lazy\" decoding=\"async\" class=\"wp-image-45442 alignright\" src=\"https:\/\/installateurszaken.nl\/wp-content\/uploads\/2025\/11\/paneldiscussie-600x450.jpg\" alt=\"\" width=\"311\" height=\"198\" \/>Met een universiteit en nu ook het European Development Center (EDC) van Daikin, gelegen in het Tech Lane Ghent Science Park, heeft Gent bovendien iets extra\u2019s te bieden. Het EDC is het antwoord van Daikin op de urgente noodzaak om koolstofarme verwarming en koeling op grote schaal te ontwikkelen voor de Europese markt.<br \/>\nDe geschiedenis van het EDC begon in 2012 in Oostende. Door de exponentieel groeiende vraag naar energie-effici\u00ebnte warmtepompen, barstten de bestaande faciliteiten van Daikin uit hun voegen. De Japanse multinational besloot tot een massale uitbreiding, wat resulteerde in de nieuwe Gentse faciliteit waarmee een investering van zo\u2019n 140 miljoen euro was gemoeid.<br \/>\nDe keuze voor Gent was strategisch. De locatie dicht bij de Universiteit Gent (UGent) cre\u00ebert een vitaal ecosysteem dat essentieel is voor het aantrekken van talent en het bevorderen van gezamenlijk onderzoek; een punt dat loco-burgemeester Filip Watteeuw aanstipte met de vermelding van de strategische alliantie tussen de stad, Daikin en de UGent. Het nieuwe EDC brengt alle R&amp;D-activiteiten samen onder \u00e9\u00e9n dak en dient als het Base Development Centre om innovatieve HVAC-R oplossingen te ontwikkelen die voldoen aan de strengste milieunormen. Tegen 2026 zal het centrum werk bieden aan circa 500 medewerkers.<\/p>\n<p><strong>Testfaciliteiten<\/strong><br \/>\n<img loading=\"lazy\" decoding=\"async\" class=\" wp-image-45443 alignleft\" src=\"https:\/\/installateurszaken.nl\/wp-content\/uploads\/2025\/11\/testruimte-2-1-450x600.jpg\" alt=\"\" width=\"285\" height=\"341\" \/>Het EDC in Gent is niet zomaar een kantoorgebouw; het is een technologisch hoogstandje en een proeftuin voor de klimaattechnologie van morgen. De faciliteit heeft een totale oppervlakte van 30.600 m2, waarvan 12.000 m2 is gereserveerd voor laboratoriumruimte.<br \/>\nDe meest in het oog springende technische innovaties zijn de testfaciliteiten. Er zijn 23 testkamers die \u2013 van -38 tot +60 graden \u2013 extreme klimaatomstandigheden kunnen simuleren, waardoor ingenieurs de prestaties, het comfort, de energie-effici\u00ebntie en de betrouwbaarheid van de warmtepompen onder alle Europese weersscenario\u2019s kunnen evalueren en valideren Verder beschikt de faciliteit over een speciale ElectroMagnetic Compatibility (EMC) testkamer, die cruciaal is voor het testen van elektronica en besturingssystemen op interferentie. Dit is essentieel voor een betrouwbare werking van complexe, ge\u00efntegreerde warmtenetwerken \u2013 een belangrijk aandachtspunt dat uit de paneldiscussie naar voren kwam.<\/p>\n<p><strong>Levende showcase<\/strong><br \/>\nDe missie van het EDC is overigens tweeledig: het ontwikkelen van het product \u00e9n het bevorderen van duurzaamheid, zowel wat product zelf betreft als de werking van het gebouw. Op productniveau sluit de R&amp;D direct aan bij de uitdagingen die door de panelleden werden geschetst. De noodzaak om af te stappen van \u201couderwetse en gevaarlijke\u201d koudemiddelen laat zich vertalen in de focus op koudemiddelen met een laag aardopwarmingsvermogen (GWP). Daarnaast richt men zich op de ontwikkeling van elektronica en controlesystemen die de energie-<br \/>\neffici\u00ebntie van de producten over hun gehele levensduur verbeteren, hetgeen<br \/>\nessentieel is voor de gevraagde integratie en monitoringstrategie\u00ebn in collectieve warmtenetwerken.<br \/>\nHet gebouw zelf is een toonbeeld van duurzaamheid en fungeert als een levende showcase. Zo lag de focus op het realiseren van de hoogste energie-effici\u00ebntienormen, waaronder nZEB (nearly Zero-Energy-Building) en een BREEAM Excellent-certificaat. Daarbij maakte Daikin gebruik van eigen geavanceerde technologie\u00ebn, waaronder geother\u00admische watersystemen, watergekoelde VRV en warmteterugwinning. Een bijkomende innovatie was de implementatie van R32 koelmiddel in de luchtbehandelingsunits van het gebouw. Deze primeur zorgt voor een lagere GWP en een hogere energie-effici\u00ebntie \uf06e<\/p>\n<\/div>\n<\/div><\/div><\/div><div id=\"pgc-44297-1-1\"  class=\"panel-grid-cell\" ><div id=\"panel-44297-1-1-0\" class=\"so-panel widget widget_sow-editor panel-first-child\" data-index=\"2\" ><div\n\t\t\t\n\t\t\tclass=\"so-widget-sow-editor so-widget-sow-editor-base\"\n\t\t\t\n\t\t><h3 class=\"widget-title\">Paneldiscussie<\/h3>\n<div class=\"siteorigin-widget-tinymce textwidget\">\n\t<h5>De paneldiscussie bij Daikin in Gent werd gemodereerd door Patrick Crombez (Head of Environmental Readiness bij Daikin Europe en voorzitter van de European Heat Pump Association).<br \/>\nHet panel bestond uit:<br \/>\nLaurent van Thournout (Vice General Manager van Daikin Europe EDC)<br \/>\nFilip Watteeuw (Wethouder en loco burgemeester van de stad Gent)<br \/>\nAurelie Beavuais (Directeur Euroheat &amp; Power)<br \/>\nPeter Andeberg (Directeur en oprichter van Heatnet Global)<br \/>\nMichel de Paepe (Professor Applied Thermodynamics and Heat Transfer)<\/h5>\n<\/div>\n<\/div><\/div><div id=\"panel-44297-1-1-1\" class=\"so-panel widget widget_sow-editor panel-last-child\" data-index=\"3\" ><div\n\t\t\t\n\t\t\tclass=\"so-widget-sow-editor so-widget-sow-editor-base\"\n\t\t\t\n\t\t><h3 class=\"widget-title\">Tchnologie van het gebouw<\/h3>\n<div class=\"siteorigin-widget-tinymce textwidget\">\n\t<h5><strong>Energie-effici\u00ebntie<\/strong><br \/>\nBEN-gebouw \u200b<br \/>\nBREEAM-certificering \u201cExcellent\u201d (in aanvraag)<\/h5>\n<h5><strong>Bouwomvang<\/strong><br \/>\nKantoorgebouw: 14 verdiepingen<br \/>\nTestkamers: 6 verdiepingen \u200b<br \/>\n30.600 m\u00b2 netto vloeroppervlakte<br \/>\n10.200 m\u00b2 kantoorruimte en ondersteunende infrastructuur<br \/>\n11.000 m\u00b2 labo\u2019s en testkamers<br \/>\n6.400 m\u00b2 ondergrondse parking<br \/>\nAndere m\u00b2: trappenhal, SAS, opslag, liften, toiletten etc.<\/h5>\n<h5><strong>23 Testruimtes<\/strong><br \/>\nEMC Electro Magnetic Compatibility (2 stuks)<br \/>\nAER Air Enthalpy room (2 stuks)<br \/>\nSPR Sound pressure room (3 stuks)<br \/>\nETR Environmental Test Room (16 stuks)<br \/>\nMaterial test rooms<br \/>\nDTX Simulation box room<\/h5>\n<h5><strong>Systemen voor het verwarmen en koelen van de water- en luchtcircuits van de technische ruimtes voor het testen \u200b<br \/>\n<\/strong>6x Daikin Tewis chiller (koeling + verwarming + heat recovery)<br \/>\n1x Daikin Hubbard watergekoelde chiller 75 kW (om de temperatuur in testruimtes te regelen tot min 40 \u00b0C)<br \/>\nGeothermisch systeem\u00a0\u200b<\/h5>\n<h5><strong>Systemen voor verwarming en koeling van de kantoorruimtes en voor warmwatervoorziening \u200b<br \/>\n<\/strong>19x Daikin watergekoelde VRV IV systemen (RWEQ), elk 60 kW koeling capaciteit \u200b<br \/>\n13x voor airconditioning in kantoorruimtes \u200b<br \/>\n6x voor\u00a0voorverwarmen en -koelen van 2x AHUs voor verdiepingen\u00a00 tot 6<br \/>\n13x Daikin luchtgekoelde VRV 5 systemen met heat recovery (REYA) + Daikin luchtgekoelde\u00a0VRV 5 systemen verbonden met AHUs (RXYA), elk 50 kW<br \/>\n9x voor airconditioning van kantoorruimtes<br \/>\n4x voor AHU voorverwarming en \u2013koeling van verdiepingen 7-13<\/h5>\n<h5><em>Daikin binnenunits:<\/em><br \/>\n12x FXZQ\/ FXZA (2x2 cassette, satelliet)<br \/>\n77 x FXSQ\/ FXSA (plafondkanalen)<br \/>\n2x VRV-Hydro systeem (HXHD)<br \/>\n1 x Daikin Altherma water-waterwarmtepomo<br \/>\n2x Daikin Altherma lucht-waterwarmtepomp<br \/>\nLengte van de leidingen die alle buiten- en binnenunits verbinden: in totaal 14,5 km<br \/>\nGeothermisch systeem<br \/>\n72 boorgaten met een diepte van 146 m (gelijk aan een warmtewisselaar van 42 km lengte in de grond)<\/h5>\n<h5><strong>Ventilatiesystemen<br \/>\n<\/strong>5x speciaal ontworpen AHUs met warmte- en vochtterugwinning<br \/>\nTotale luchtstroom: 85,000 m\u00b3\/u<br \/>\nKoelvermogen: 297 kW<\/h5>\n<h5><em>Toewijzing:<\/em><br \/>\n3x voor kantoorgebouw \u200b<br \/>\n2x voor testgebouw<\/h5>\n<h5><em>Locatie:<\/em><br \/>\n4x testgebouw<br \/>\n1x op het dak van kantoorgebouw<br \/>\nVoorverwarming en -koeling<br \/>\nKantoor AHUs: \u200b\u00a02x watergekoelde VRV-units<br \/>\nKantoorgebouw: \u200b\u00a01x luchtgekoelde VRV-unit<br \/>\nTestgebouw: \u200b\u00a02x luchtgekoelde VRV-units<\/h5>\n<\/div>\n<\/div><\/div><\/div><\/div><\/div>","protected":false},"excerpt":{"rendered":"<p>Op 14 en 15 oktober jl. organiseerde Daikin, fabrikant van verwarmings-, koel-, ventilatie-, luchtreinigings- en vriestechnologie\u00ebn, een persmoment voor internationale journalisten ter gelegenheid van de opening van zijn nieuwe European Development Center (EDC) in Gent. Naast een rondleiding stond een paneldiscussie op het programma over de uitdagingen en de versnelling van de energietransitie. Wat is [&hellip;]<\/p>\n","protected":false},"author":1,"featured_media":44320,"comment_status":"closed","ping_status":"closed","sticky":false,"template":"","format":"standard","meta":{"footnotes":""},"categories":[417],"tags":[],"class_list":["post-44297","post","type-post","status-publish","format-standard","has-post-thumbnail","hentry","category-artikel"],"yoast_head":"<!-- This site is optimized with the Yoast SEO plugin v27.4 - https:\/\/yoast.com\/product\/yoast-seo-wordpress\/ -->\n<title>Van -38 naar +60 graden -<\/title>\n<meta name=\"robots\" content=\"index, follow, max-snippet:-1, max-image-preview:large, max-video-preview:-1\" \/>\n<link rel=\"canonical\" href=\"https:\/\/installateurszaken.nl\/index.php\/2025\/11\/25\/van-38-naar-60-graden\/\" \/>\n<meta property=\"og:locale\" content=\"nl_NL\" \/>\n<meta property=\"og:type\" content=\"article\" \/>\n<meta property=\"og:title\" content=\"Van -38 naar +60 graden -\" \/>\n<meta property=\"og:description\" content=\"Op 14 en 15 oktober jl. organiseerde Daikin, fabrikant van verwarmings-, koel-, ventilatie-, luchtreinigings- en vriestechnologie\u00ebn, een persmoment voor internationale journalisten ter gelegenheid van de opening van zijn nieuwe European Development Center (EDC) in Gent. Naast een rondleiding stond een paneldiscussie op het programma over de uitdagingen en de versnelling van de energietransitie. Wat is [&hellip;]\" \/>\n<meta property=\"og:url\" content=\"https:\/\/installateurszaken.nl\/index.php\/2025\/11\/25\/van-38-naar-60-graden\/\" \/>\n<meta property=\"article:published_time\" content=\"2025-11-24T23:50:00+00:00\" \/>\n<meta property=\"article:modified_time\" content=\"2026-01-20T11:04:07+00:00\" \/>\n<meta property=\"og:image\" content=\"https:\/\/installateurszaken.nl\/wp-content\/uploads\/2025\/11\/testruimte-2.jpg\" \/>\n\t<meta property=\"og:image:width\" content=\"1200\" \/>\n\t<meta property=\"og:image:height\" content=\"1600\" \/>\n\t<meta property=\"og:image:type\" content=\"image\/jpeg\" \/>\n<meta name=\"author\" content=\"admin\" \/>\n<meta name=\"twitter:card\" content=\"summary_large_image\" \/>\n<meta name=\"twitter:label1\" content=\"Geschreven door\" \/>\n\t<meta name=\"twitter:data1\" content=\"admin\" \/>\n\t<meta name=\"twitter:label2\" content=\"Geschatte leestijd\" \/>\n\t<meta name=\"twitter:data2\" content=\"9 minuten\" \/>\n<script type=\"application\/ld+json\" class=\"yoast-schema-graph\">{\"@context\":\"https:\\\/\\\/schema.org\",\"@graph\":[{\"@type\":\"Article\",\"@id\":\"https:\\\/\\\/installateurszaken.nl\\\/index.php\\\/2025\\\/11\\\/25\\\/van-38-naar-60-graden\\\/#article\",\"isPartOf\":{\"@id\":\"https:\\\/\\\/installateurszaken.nl\\\/index.php\\\/2025\\\/11\\\/25\\\/van-38-naar-60-graden\\\/\"},\"author\":{\"name\":\"admin\",\"@id\":\"https:\\\/\\\/installateurszaken.nl\\\/#\\\/schema\\\/person\\\/5caa7b15d784a89ff13aba8596336509\"},\"headline\":\"Van -38 naar +60 graden\",\"datePublished\":\"2025-11-24T23:50:00+00:00\",\"dateModified\":\"2026-01-20T11:04:07+00:00\",\"mainEntityOfPage\":{\"@id\":\"https:\\\/\\\/installateurszaken.nl\\\/index.php\\\/2025\\\/11\\\/25\\\/van-38-naar-60-graden\\\/\"},\"wordCount\":1390,\"publisher\":{\"@id\":\"https:\\\/\\\/installateurszaken.nl\\\/#organization\"},\"image\":{\"@id\":\"https:\\\/\\\/installateurszaken.nl\\\/index.php\\\/2025\\\/11\\\/25\\\/van-38-naar-60-graden\\\/#primaryimage\"},\"thumbnailUrl\":\"https:\\\/\\\/installateurszaken.nl\\\/wp-content\\\/uploads\\\/2025\\\/11\\\/testruimte-2.jpg\",\"articleSection\":[\"artikel\"],\"inLanguage\":\"nl-NL\"},{\"@type\":\"WebPage\",\"@id\":\"https:\\\/\\\/installateurszaken.nl\\\/index.php\\\/2025\\\/11\\\/25\\\/van-38-naar-60-graden\\\/\",\"url\":\"https:\\\/\\\/installateurszaken.nl\\\/index.php\\\/2025\\\/11\\\/25\\\/van-38-naar-60-graden\\\/\",\"name\":\"Van -38 naar +60 graden -\",\"isPartOf\":{\"@id\":\"https:\\\/\\\/installateurszaken.nl\\\/#website\"},\"primaryImageOfPage\":{\"@id\":\"https:\\\/\\\/installateurszaken.nl\\\/index.php\\\/2025\\\/11\\\/25\\\/van-38-naar-60-graden\\\/#primaryimage\"},\"image\":{\"@id\":\"https:\\\/\\\/installateurszaken.nl\\\/index.php\\\/2025\\\/11\\\/25\\\/van-38-naar-60-graden\\\/#primaryimage\"},\"thumbnailUrl\":\"https:\\\/\\\/installateurszaken.nl\\\/wp-content\\\/uploads\\\/2025\\\/11\\\/testruimte-2.jpg\",\"datePublished\":\"2025-11-24T23:50:00+00:00\",\"dateModified\":\"2026-01-20T11:04:07+00:00\",\"breadcrumb\":{\"@id\":\"https:\\\/\\\/installateurszaken.nl\\\/index.php\\\/2025\\\/11\\\/25\\\/van-38-naar-60-graden\\\/#breadcrumb\"},\"inLanguage\":\"nl-NL\",\"potentialAction\":[{\"@type\":\"ReadAction\",\"target\":[\"https:\\\/\\\/installateurszaken.nl\\\/index.php\\\/2025\\\/11\\\/25\\\/van-38-naar-60-graden\\\/\"]}]},{\"@type\":\"ImageObject\",\"inLanguage\":\"nl-NL\",\"@id\":\"https:\\\/\\\/installateurszaken.nl\\\/index.php\\\/2025\\\/11\\\/25\\\/van-38-naar-60-graden\\\/#primaryimage\",\"url\":\"https:\\\/\\\/installateurszaken.nl\\\/wp-content\\\/uploads\\\/2025\\\/11\\\/testruimte-2.jpg\",\"contentUrl\":\"https:\\\/\\\/installateurszaken.nl\\\/wp-content\\\/uploads\\\/2025\\\/11\\\/testruimte-2.jpg\",\"width\":1200,\"height\":1600},{\"@type\":\"BreadcrumbList\",\"@id\":\"https:\\\/\\\/installateurszaken.nl\\\/index.php\\\/2025\\\/11\\\/25\\\/van-38-naar-60-graden\\\/#breadcrumb\",\"itemListElement\":[{\"@type\":\"ListItem\",\"position\":1,\"name\":\"Home\",\"item\":\"https:\\\/\\\/installateurszaken.nl\\\/\"},{\"@type\":\"ListItem\",\"position\":2,\"name\":\"Van -38 naar +60 graden\"}]},{\"@type\":\"WebSite\",\"@id\":\"https:\\\/\\\/installateurszaken.nl\\\/#website\",\"url\":\"https:\\\/\\\/installateurszaken.nl\\\/\",\"name\":\"installateurszaken.nl\",\"description\":\"Bovenop de praktijk\",\"publisher\":{\"@id\":\"https:\\\/\\\/installateurszaken.nl\\\/#organization\"},\"potentialAction\":[{\"@type\":\"SearchAction\",\"target\":{\"@type\":\"EntryPoint\",\"urlTemplate\":\"https:\\\/\\\/installateurszaken.nl\\\/?s={search_term_string}\"},\"query-input\":{\"@type\":\"PropertyValueSpecification\",\"valueRequired\":true,\"valueName\":\"search_term_string\"}}],\"inLanguage\":\"nl-NL\"},{\"@type\":\"Organization\",\"@id\":\"https:\\\/\\\/installateurszaken.nl\\\/#organization\",\"name\":\"installateurszaken\",\"url\":\"https:\\\/\\\/installateurszaken.nl\\\/\",\"logo\":{\"@type\":\"ImageObject\",\"inLanguage\":\"nl-NL\",\"@id\":\"https:\\\/\\\/installateurszaken.nl\\\/#\\\/schema\\\/logo\\\/image\\\/\",\"url\":\"https:\\\/\\\/installateurszaken.nl\\\/wp-content\\\/uploads\\\/2025\\\/11\\\/handtekening.png\",\"contentUrl\":\"https:\\\/\\\/installateurszaken.nl\\\/wp-content\\\/uploads\\\/2025\\\/11\\\/handtekening.png\",\"width\":1200,\"height\":200,\"caption\":\"installateurszaken\"},\"image\":{\"@id\":\"https:\\\/\\\/installateurszaken.nl\\\/#\\\/schema\\\/logo\\\/image\\\/\"},\"sameAs\":[\"https:\\\/\\\/www.tiktok.com\\\/@installateurszaken\"]},{\"@type\":\"Person\",\"@id\":\"https:\\\/\\\/installateurszaken.nl\\\/#\\\/schema\\\/person\\\/5caa7b15d784a89ff13aba8596336509\",\"name\":\"admin\",\"image\":{\"@type\":\"ImageObject\",\"inLanguage\":\"nl-NL\",\"@id\":\"https:\\\/\\\/secure.gravatar.com\\\/avatar\\\/558d45f832633ce66ece58c278ee36cf18004f663eff22d4d8afd7ed89af5fa4?s=96&d=mm&r=g\",\"url\":\"https:\\\/\\\/secure.gravatar.com\\\/avatar\\\/558d45f832633ce66ece58c278ee36cf18004f663eff22d4d8afd7ed89af5fa4?s=96&d=mm&r=g\",\"contentUrl\":\"https:\\\/\\\/secure.gravatar.com\\\/avatar\\\/558d45f832633ce66ece58c278ee36cf18004f663eff22d4d8afd7ed89af5fa4?s=96&d=mm&r=g\",\"caption\":\"admin\"},\"sameAs\":[\"https:\\\/\\\/installateurszaken.nl\\\/wordpress\"],\"url\":\"https:\\\/\\\/installateurszaken.nl\\\/index.php\\\/author\\\/rstruijk\\\/\"}]}<\/script>\n<!-- \/ Yoast SEO plugin. -->","yoast_head_json":{"title":"Van -38 naar +60 graden -","robots":{"index":"index","follow":"follow","max-snippet":"max-snippet:-1","max-image-preview":"max-image-preview:large","max-video-preview":"max-video-preview:-1"},"canonical":"https:\/\/installateurszaken.nl\/index.php\/2025\/11\/25\/van-38-naar-60-graden\/","og_locale":"nl_NL","og_type":"article","og_title":"Van -38 naar +60 graden -","og_description":"Op 14 en 15 oktober jl. organiseerde Daikin, fabrikant van verwarmings-, koel-, ventilatie-, luchtreinigings- en vriestechnologie\u00ebn, een persmoment voor internationale journalisten ter gelegenheid van de opening van zijn nieuwe European Development Center (EDC) in Gent. Naast een rondleiding stond een paneldiscussie op het programma over de uitdagingen en de versnelling van de energietransitie. Wat is [&hellip;]","og_url":"https:\/\/installateurszaken.nl\/index.php\/2025\/11\/25\/van-38-naar-60-graden\/","article_published_time":"2025-11-24T23:50:00+00:00","article_modified_time":"2026-01-20T11:04:07+00:00","og_image":[{"width":1200,"height":1600,"url":"https:\/\/installateurszaken.nl\/wp-content\/uploads\/2025\/11\/testruimte-2.jpg","type":"image\/jpeg"}],"author":"admin","twitter_card":"summary_large_image","twitter_misc":{"Geschreven door":"admin","Geschatte leestijd":"9 minuten"},"schema":{"@context":"https:\/\/schema.org","@graph":[{"@type":"Article","@id":"https:\/\/installateurszaken.nl\/index.php\/2025\/11\/25\/van-38-naar-60-graden\/#article","isPartOf":{"@id":"https:\/\/installateurszaken.nl\/index.php\/2025\/11\/25\/van-38-naar-60-graden\/"},"author":{"name":"admin","@id":"https:\/\/installateurszaken.nl\/#\/schema\/person\/5caa7b15d784a89ff13aba8596336509"},"headline":"Van -38 naar +60 graden","datePublished":"2025-11-24T23:50:00+00:00","dateModified":"2026-01-20T11:04:07+00:00","mainEntityOfPage":{"@id":"https:\/\/installateurszaken.nl\/index.php\/2025\/11\/25\/van-38-naar-60-graden\/"},"wordCount":1390,"publisher":{"@id":"https:\/\/installateurszaken.nl\/#organization"},"image":{"@id":"https:\/\/installateurszaken.nl\/index.php\/2025\/11\/25\/van-38-naar-60-graden\/#primaryimage"},"thumbnailUrl":"https:\/\/installateurszaken.nl\/wp-content\/uploads\/2025\/11\/testruimte-2.jpg","articleSection":["artikel"],"inLanguage":"nl-NL"},{"@type":"WebPage","@id":"https:\/\/installateurszaken.nl\/index.php\/2025\/11\/25\/van-38-naar-60-graden\/","url":"https:\/\/installateurszaken.nl\/index.php\/2025\/11\/25\/van-38-naar-60-graden\/","name":"Van -38 naar +60 graden -","isPartOf":{"@id":"https:\/\/installateurszaken.nl\/#website"},"primaryImageOfPage":{"@id":"https:\/\/installateurszaken.nl\/index.php\/2025\/11\/25\/van-38-naar-60-graden\/#primaryimage"},"image":{"@id":"https:\/\/installateurszaken.nl\/index.php\/2025\/11\/25\/van-38-naar-60-graden\/#primaryimage"},"thumbnailUrl":"https:\/\/installateurszaken.nl\/wp-content\/uploads\/2025\/11\/testruimte-2.jpg","datePublished":"2025-11-24T23:50:00+00:00","dateModified":"2026-01-20T11:04:07+00:00","breadcrumb":{"@id":"https:\/\/installateurszaken.nl\/index.php\/2025\/11\/25\/van-38-naar-60-graden\/#breadcrumb"},"inLanguage":"nl-NL","potentialAction":[{"@type":"ReadAction","target":["https:\/\/installateurszaken.nl\/index.php\/2025\/11\/25\/van-38-naar-60-graden\/"]}]},{"@type":"ImageObject","inLanguage":"nl-NL","@id":"https:\/\/installateurszaken.nl\/index.php\/2025\/11\/25\/van-38-naar-60-graden\/#primaryimage","url":"https:\/\/installateurszaken.nl\/wp-content\/uploads\/2025\/11\/testruimte-2.jpg","contentUrl":"https:\/\/installateurszaken.nl\/wp-content\/uploads\/2025\/11\/testruimte-2.jpg","width":1200,"height":1600},{"@type":"BreadcrumbList","@id":"https:\/\/installateurszaken.nl\/index.php\/2025\/11\/25\/van-38-naar-60-graden\/#breadcrumb","itemListElement":[{"@type":"ListItem","position":1,"name":"Home","item":"https:\/\/installateurszaken.nl\/"},{"@type":"ListItem","position":2,"name":"Van -38 naar +60 graden"}]},{"@type":"WebSite","@id":"https:\/\/installateurszaken.nl\/#website","url":"https:\/\/installateurszaken.nl\/","name":"installateurszaken.nl","description":"Bovenop de praktijk","publisher":{"@id":"https:\/\/installateurszaken.nl\/#organization"},"potentialAction":[{"@type":"SearchAction","target":{"@type":"EntryPoint","urlTemplate":"https:\/\/installateurszaken.nl\/?s={search_term_string}"},"query-input":{"@type":"PropertyValueSpecification","valueRequired":true,"valueName":"search_term_string"}}],"inLanguage":"nl-NL"},{"@type":"Organization","@id":"https:\/\/installateurszaken.nl\/#organization","name":"installateurszaken","url":"https:\/\/installateurszaken.nl\/","logo":{"@type":"ImageObject","inLanguage":"nl-NL","@id":"https:\/\/installateurszaken.nl\/#\/schema\/logo\/image\/","url":"https:\/\/installateurszaken.nl\/wp-content\/uploads\/2025\/11\/handtekening.png","contentUrl":"https:\/\/installateurszaken.nl\/wp-content\/uploads\/2025\/11\/handtekening.png","width":1200,"height":200,"caption":"installateurszaken"},"image":{"@id":"https:\/\/installateurszaken.nl\/#\/schema\/logo\/image\/"},"sameAs":["https:\/\/www.tiktok.com\/@installateurszaken"]},{"@type":"Person","@id":"https:\/\/installateurszaken.nl\/#\/schema\/person\/5caa7b15d784a89ff13aba8596336509","name":"admin","image":{"@type":"ImageObject","inLanguage":"nl-NL","@id":"https:\/\/secure.gravatar.com\/avatar\/558d45f832633ce66ece58c278ee36cf18004f663eff22d4d8afd7ed89af5fa4?s=96&d=mm&r=g","url":"https:\/\/secure.gravatar.com\/avatar\/558d45f832633ce66ece58c278ee36cf18004f663eff22d4d8afd7ed89af5fa4?s=96&d=mm&r=g","contentUrl":"https:\/\/secure.gravatar.com\/avatar\/558d45f832633ce66ece58c278ee36cf18004f663eff22d4d8afd7ed89af5fa4?s=96&d=mm&r=g","caption":"admin"},"sameAs":["https:\/\/installateurszaken.nl\/wordpress"],"url":"https:\/\/installateurszaken.nl\/index.php\/author\/rstruijk\/"}]}},"rttpg_featured_image_url":{"full":["https:\/\/installateurszaken.nl\/wp-content\/uploads\/2025\/11\/testruimte-2.jpg",1200,1600,false],"landscape":["https:\/\/installateurszaken.nl\/wp-content\/uploads\/2025\/11\/testruimte-2.jpg",1200,1600,false],"portraits":["https:\/\/installateurszaken.nl\/wp-content\/uploads\/2025\/11\/testruimte-2.jpg",1200,1600,false],"thumbnail":["https:\/\/installateurszaken.nl\/wp-content\/uploads\/2025\/11\/testruimte-2-600x600.jpg",600,600,true],"medium":["https:\/\/installateurszaken.nl\/wp-content\/uploads\/2025\/11\/testruimte-2-450x600.jpg",450,600,true],"large":["https:\/\/installateurszaken.nl\/wp-content\/uploads\/2025\/11\/testruimte-2-768x1024.jpg",640,853,true],"1536x1536":["https:\/\/installateurszaken.nl\/wp-content\/uploads\/2025\/11\/testruimte-2-1152x1536.jpg",1152,1536,true],"2048x2048":["https:\/\/installateurszaken.nl\/wp-content\/uploads\/2025\/11\/testruimte-2.jpg",1200,1600,false],"madd-magazine-blog-post":["https:\/\/installateurszaken.nl\/wp-content\/uploads\/2025\/11\/testruimte-2-730x485.jpg",730,485,true],"sow-carousel-default":["https:\/\/installateurszaken.nl\/wp-content\/uploads\/2025\/11\/testruimte-2-272x182.jpg",272,182,true]},"rttpg_author":{"display_name":"admin","author_link":"https:\/\/installateurszaken.nl\/index.php\/author\/rstruijk\/"},"rttpg_comment":0,"rttpg_category":"<a href=\"https:\/\/installateurszaken.nl\/index.php\/category\/artikel\/\" rel=\"category tag\">artikel<\/a>","rttpg_excerpt":"Op 14 en 15 oktober jl. organiseerde Daikin, fabrikant van verwarmings-, koel-, ventilatie-, luchtreinigings- en vriestechnologie\u00ebn, een persmoment voor internationale journalisten ter gelegenheid van de opening van zijn nieuwe European Development Center (EDC) in Gent. Naast een rondleiding stond een paneldiscussie op het programma over de uitdagingen en de versnelling van de energietransitie. Wat is&hellip;","_links":{"self":[{"href":"https:\/\/installateurszaken.nl\/index.php\/wp-json\/wp\/v2\/posts\/44297","targetHints":{"allow":["GET"]}}],"collection":[{"href":"https:\/\/installateurszaken.nl\/index.php\/wp-json\/wp\/v2\/posts"}],"about":[{"href":"https:\/\/installateurszaken.nl\/index.php\/wp-json\/wp\/v2\/types\/post"}],"author":[{"embeddable":true,"href":"https:\/\/installateurszaken.nl\/index.php\/wp-json\/wp\/v2\/users\/1"}],"replies":[{"embeddable":true,"href":"https:\/\/installateurszaken.nl\/index.php\/wp-json\/wp\/v2\/comments?post=44297"}],"version-history":[{"count":3,"href":"https:\/\/installateurszaken.nl\/index.php\/wp-json\/wp\/v2\/posts\/44297\/revisions"}],"predecessor-version":[{"id":45478,"href":"https:\/\/installateurszaken.nl\/index.php\/wp-json\/wp\/v2\/posts\/44297\/revisions\/45478"}],"wp:featuredmedia":[{"embeddable":true,"href":"https:\/\/installateurszaken.nl\/index.php\/wp-json\/wp\/v2\/media\/44320"}],"wp:attachment":[{"href":"https:\/\/installateurszaken.nl\/index.php\/wp-json\/wp\/v2\/media?parent=44297"}],"wp:term":[{"taxonomy":"category","embeddable":true,"href":"https:\/\/installateurszaken.nl\/index.php\/wp-json\/wp\/v2\/categories?post=44297"},{"taxonomy":"post_tag","embeddable":true,"href":"https:\/\/installateurszaken.nl\/index.php\/wp-json\/wp\/v2\/tags?post=44297"}],"curies":[{"name":"wp","href":"https:\/\/api.w.org\/{rel}","templated":true}]}}